{"id":238,"date":"2016-04-16T18:56:10","date_gmt":"2016-04-16T16:56:10","guid":{"rendered":"http:\/\/inteacosmetics.com\/es\/?p=238"},"modified":"2021-06-02T13:43:13","modified_gmt":"2021-06-02T11:43:13","slug":"linea-cabellos-secos","status":"publish","type":"post","link":"https:\/\/www.inteacosmetics.com\/es\/linea-cabellos-secos\/","title":{"rendered":"L\u00ednea Intea\u00ae Nogal. Especial Cabellos Oscuros"},"content":{"rendered":"\n<p>La&nbsp;<strong>L\u00ednea Intea\u00ae con extracto de hojas nogal <\/strong><strong>&nbsp;<\/strong>est\u00e1 especialmente indicada para cuidar los cabellos desde el casta\u00f1o medio a oscuros Los principios activos ayudan a potenciar el color natural o la duraci\u00f3n de los tintes y los protege contra los factores externos. Son perfectos para complementar con nuestro Spray REFLEJOS Intea@ LIGHTS.<\/p><p>&nbsp;<\/p>\n<p>&nbsp;<\/p>\n<h3>Conozca la L\u00ednea para cabellos oscuros y casta\u00f1os con extracto de hoja de nogal Intea\u00ae<\/h3>\n<p>&nbsp;<\/p>\n<p>&nbsp;<\/p>\n<p style=\"padding-left: 30px;\"><img loading=\"lazy\" decoding=\"async\" class=\"wp-image-377 size-full aligncenter\" src=\"http:\/\/inteacosmetics.com\/es\/wp-content\/uploads\/2016\/05\/linha-cabelos-escuros-1.jpg\" alt=\"Linha Cabelos Escuros INTEA\" width=\"1073\" height=\"716\" srcset=\"https:\/\/www.inteacosmetics.com\/es\/wp-content\/uploads\/2016\/05\/linha-cabelos-escuros-1.jpg 1073w, https:\/\/www.inteacosmetics.com\/es\/wp-content\/uploads\/2016\/05\/linha-cabelos-escuros-1-300x200.jpg 300w, https:\/\/www.inteacosmetics.com\/es\/wp-content\/uploads\/2016\/05\/linha-cabelos-escuros-1-768x512.jpg 768w, https:\/\/www.inteacosmetics.com\/es\/wp-content\/uploads\/2016\/05\/linha-cabelos-escuros-1-1024x683.jpg 1024w, https:\/\/www.inteacosmetics.com\/es\/wp-content\/uploads\/2016\/05\/linha-cabelos-escuros-1-150x100.jpg 150w\" sizes=\"auto, (max-width: 1073px) 100vw, 1073px\" \/><\/p>\n\n<p><a href=\"https:\/\/www.inteacosmetics.com\/es\/wp-content\/uploads\/2020\/06\/champu_nogal_intea_a.jpg\" target=\"_blank\" rel=\"noopener noreferrer\">\n<img loading=\"lazy\" decoding=\"async\" class=\"alignleft wp-image-610 size-medium\" src=\"https:\/\/www.inteacosmetics.com\/es\/wp-content\/uploads\/2020\/06\/champu_nogal_intea_a.jpg\" alt=\"nogal_ch_16\" width=\"400\" height=\"400\"><\/a>\n<\/p>\n<p>&nbsp;<\/p>\n<p>&nbsp;<\/p>\n<p id=\"champunogal\">&nbsp;<\/p>\n<h3>CHAMP\u00da ESPECIAL CABELLOS OSCUROS con extracto de hoja de nogal Intea\u00ae<\/h3>\n<p>&nbsp;<\/p>\n<p>&nbsp;<\/p>\n<p>Formato de 250 ml<\/p>\n<p>&nbsp;<\/p>\n<p>&nbsp;<\/p>\n<p><strong>Funci\u00f3n<\/strong><\/p>\n<p>Indicado especialmente para la higiene de los cabellos oscuros. Las hojas de Nogal son ricas en taninos y aceites que cuidan el cabello y el cuero cabelludo Las hojas y las nueces contienen nogalina que es un colorante natural que realza el color de los cabellos oscuros y casta\u00f1os.<\/p>\n<p>Su f\u00f3rmula exclusiva con tensoactivos seleccionados espec\u00edficamente produce una limpieza excelente del cabello, cuida el cabello y el cuero cabelludo gracias tambi\u00e9n a los principios activos del extracto de nogal.<\/p>\n<p>Complemento ideal de las lociones capilares VERI\u00ae y Reflejos Intea\u00ae LIGHTS.<\/p>\n<p>&nbsp;<\/p>\n<p>&nbsp;<\/p>\n<p><strong>Instrucciones de uso<\/strong><\/p>\n<p>Aplicar sobre el cabello h\u00famedo con un suave masaje con las yemas de los dedos y dejar actuar unos minutos. Enjuague con abundante agua y vuelva a repetir la operaci\u00f3n enjuagando finalmente el cabello con abundante agua <strong>preferiblemente<\/strong> <strong>templada<\/strong>. Secar el cabello de la manera habitual.<\/p>\n<p>&nbsp;<\/p>\n<p>&nbsp;<\/p>\n<p><strong>Caracter\u00edsticas<\/strong><\/p>\n<p>\u2022 Para todo tipo de cabellos desde el casta\u00f1o medio al negro<br>\u2022 Realza el color y el brillo de los cabellos<br>\u2022 Formulado por farmac\u00e9uticos<br>\u2022 Suave y agradable sensaci\u00f3n de limpieza<br>\u2022 F\u00f3rmula concentrada y con PH \u00e1cido af\u00edn al cuero cabelludo<br>\u2022 De uso diario<br>\u2022 No contiene parabenos ni siliconas<br>\u2022 No testado en animales<\/p>\n<p>&nbsp;<\/p>\n<p>&nbsp;<\/p>\n<p><strong>Ingredientes<\/strong><\/p>\n<p>AQUA (WATER), SODIUM LAURETH SULFATE, JUGLANS REGIA (WALNUT) LEAF EXTRACT, COCAMIDOPROPYL BETAINE, COCAMIDE DEA, PEG-7 GLYCERYL COCOATE, SODIUM CHLORIDE, POLYQUATERNIUM-10, PARFUM (FRAGRANCE), CITRIC ACID, METHYLCHLOROISOTHIAZOLINONE, METHYLISOTHIAZOLINONE, C.I. 16255, C.I.42051, C.I.20470.<\/p>\n<p>&nbsp;<\/p>\n<p>&nbsp;<\/p>\n<p id=\"acondicionadornogal\">&nbsp;<\/p>\n<p>&nbsp;<\/p>\n<p>&nbsp;<\/p>\n<hr>\n<p>&nbsp;<\/p>\n<p>&nbsp;<\/p>\n<p>&nbsp;<\/p>\n<p>&nbsp;<\/p>\n<p style=\"text-align: justify;\"><span style=\"color: #339966;\"><strong><a href=\"https:\/\/www.inteacosmetics.com\/es\/wp-content\/uploads\/2020\/06\/acondicionador_nogal_intea_a.jpg\" target=\"_blank\" rel=\"noopener noreferrer\"><img loading=\"lazy\" decoding=\"async\" class=\"alignleft wp-image-618 size-medium\" src=\"https:\/\/www.inteacosmetics.com\/es\/wp-content\/uploads\/2020\/06\/acondicionador_nogal_intea_a.jpg\" width=\"400\" height=\"400\"><\/a><\/strong><\/span><\/p>\n\n<p><strong>&nbsp;<\/strong><\/p>\n\n<h3><strong>ACONDICIONADOR ESPECIAL CABELLOS OSCUROS con extracto de hoja de nogal Intea\u00ae<br><\/strong><\/h3>\n<p>&nbsp;<\/p>\n<p>&nbsp;<\/p>\n<p>Formato de 250 ml<\/p>\n<p>&nbsp;<\/p>\n<p>&nbsp;<\/p>\n<p><strong>Funci\u00f3n<\/strong><\/p>\n<p>Complemento perfecto del champ\u00fa Intea\u00ae con extracto de hoja de nogal, especialmente cuando se utilizan para el lavado aguas con muchas sales (piscinas, gimnasios, agua de mar o aguas de red con mucha dureza).<\/p>\n<p>Proporciona a los cabellos oscuros un aspecto brillante, hidratado, sedoso y f\u00e1cil de peinar.<\/p>\n<p>Indicado tambi\u00e9n para regular la hidrataci\u00f3n del cabello, as\u00ed como para proteger el cuero cabelludo.<\/p>\n<p>Protege al cabello contra factores externos como la contaminaci\u00f3n, viento, el sol, piscina, continuo uso de secadores y facilita el peinado.<\/p>\n<p>Complemento ideal de los productos capilares VERI\u00ae &nbsp;y Reflejos Intea\u00ae LIGHTS.<\/p>\n<p>&nbsp;<\/p>\n<p>&nbsp;<\/p>\n<p><strong>Instrucciones de uso<\/strong><\/p>\n<p>Despu\u00e9s de lavar el cabello con champ\u00fa Intea\u00ae con extracto de Nogal, aplique el acondicionador para toda la extensi\u00f3n del pelo. Deje que el producto act\u00fae durante unos minutos. Enjuague con abundante agua.<\/p>\n<p>&nbsp;<\/p>\n<p>&nbsp;<\/p>\n<p><strong>Caracter\u00edsticas<\/strong><\/p>\n<p>\u2022 Para todo tipo de cabellos<br>\u2022 El ingrediente activo del producto ayuda a revitalizar y regenera los cabellos, proporciona brillo, realza el color y le da un toque de suavidad al cabello<br>\u2022 Facilita el peinado y el desenredado<br>\u2022 Formulado por Farmac\u00e9uticos<br>\u2022 No testado en animales<\/p>\n<p>&nbsp;<\/p>\n<p>&nbsp;<\/p>\n<p><strong>Ingredientes<\/strong><\/p>\n<p>AQUA, CETYL ALCOHOL, GLYCERYL STEARATE, CETRIMONIUM CHLORIDE, BEHENTRIMONIUM CHLORIDE, GLYCERIN, JUGLANS REGIA LEAF EXTRACT, PARFUM, EDTA, CITRIC ACID, METHOXY PEG\/PPG-7\/3-AMINOPROPYLDIMETHICONE, METHYLCHLOROISOTHIAZOLINONE, METHYLISOTHIAZOLINONE,&nbsp; C.I.16255, C.I.42051, C.I.20470.<\/p>\n","protected":false},"excerpt":{"rendered":"<p>La&nbsp;L\u00ednea Intea\u00ae con extracto de hojas nogal &nbsp;est\u00e1 especialmente indicada para cuidar los cabellos desde el casta\u00f1o medio a oscuros Los principios activos ayudan a potenciar el color natural o la duraci\u00f3n de los tintes y los protege contra los factores externos. Son perfectos para complementar con nuestro Spray REFLEJOS Intea@ LIGHTS. &nbsp; &nbsp; Conozca&#8230;<\/p>\n","protected":false},"author":2,"featured_media":933,"comment_status":"closed","ping_status":"closed","sticky":false,"template":"","format":"standard","meta":{"_monsterinsights_skip_tracking":false,"_monsterinsights_sitenote_active":false,"_monsterinsights_sitenote_note":"","_monsterinsights_sitenote_category":0,"_uf_show_specific_survey":0,"_uf_disable_surveys":false,"footnotes":""},"categories":[81,73],"tags":[98,91,93,94,108,92,109,17,110],"class_list":["post-238","post","type-post","status-publish","format-standard","has-post-thumbnail","hentry","category-linea-cabellos-secos-intea","category-productos-intea","tag-acondicionador","tag-belleza","tag-cabello","tag-cabellos","tag-cabellos-oscuros","tag-champu","tag-coloracion","tag-quimica","tag-tintes"],"aioseo_notices":[],"_links":{"self":[{"href":"https:\/\/www.inteacosmetics.com\/es\/wp-json\/wp\/v2\/posts\/238","targetHints":{"allow":["GET"]}}],"collection":[{"href":"https:\/\/www.inteacosmetics.com\/es\/wp-json\/wp\/v2\/posts"}],"about":[{"href":"https:\/\/www.inteacosmetics.com\/es\/wp-json\/wp\/v2\/types\/post"}],"author":[{"embeddable":true,"href":"https:\/\/www.inteacosmetics.com\/es\/wp-json\/wp\/v2\/users\/2"}],"replies":[{"embeddable":true,"href":"https:\/\/www.inteacosmetics.com\/es\/wp-json\/wp\/v2\/comments?post=238"}],"version-history":[{"count":58,"href":"https:\/\/www.inteacosmetics.com\/es\/wp-json\/wp\/v2\/posts\/238\/revisions"}],"predecessor-version":[{"id":1517,"href":"https:\/\/www.inteacosmetics.com\/es\/wp-json\/wp\/v2\/posts\/238\/revisions\/1517"}],"wp:featuredmedia":[{"embeddable":true,"href":"https:\/\/www.inteacosmetics.com\/es\/wp-json\/wp\/v2\/media\/933"}],"wp:attachment":[{"href":"https:\/\/www.inteacosmetics.com\/es\/wp-json\/wp\/v2\/media?parent=238"}],"wp:term":[{"taxonomy":"category","embeddable":true,"href":"https:\/\/www.inteacosmetics.com\/es\/wp-json\/wp\/v2\/categories?post=238"},{"taxonomy":"post_tag","embeddable":true,"href":"https:\/\/www.inteacosmetics.com\/es\/wp-json\/wp\/v2\/tags?post=238"}],"curies":[{"name":"wp","href":"https:\/\/api.w.org\/{rel}","templated":true}]}}