{"id":1795,"date":"2022-07-27T13:27:57","date_gmt":"2022-07-27T11:27:57","guid":{"rendered":"https:\/\/www.inteacosmetics.com\/es\/?p=1795"},"modified":"2022-07-27T13:29:10","modified_gmt":"2022-07-27T11:29:10","slug":"procesos-de-innovacion-tecnologica","status":"publish","type":"post","link":"https:\/\/www.inteacosmetics.com\/es\/procesos-de-innovacion-tecnologica\/","title":{"rendered":"Procesos de innovaci\u00f3n tecnol\u00f3gica"},"content":{"rendered":"\n<p><strong>Financiaci\u00f3n FEDER REACT-UE 100%<\/strong><\/p>\n\n\n\n<p>Proyecto&nbsp;financiado&nbsp;por&nbsp;el&nbsp;Fondo&nbsp;Europeo&nbsp;de&nbsp;DesarrolloRegional<\/p>\n\n\n\n<p>Programa&nbsp;Operativo&nbsp;FEDER&nbsp;de&nbsp;Cantabria&nbsp;2014-2020 \u2013 REACT-UE<\/p>\n\n\n\n<p><strong><em>\u201cUna manera de hacer Europa\u201d<\/em><\/strong><\/p>\n\n\n\n<p><strong><em>\u201cF<\/em><\/strong><strong><em>inanciado como parte de la respuesta de la Uni\u00f3n a la pandemia de COVID-19\u201d<\/em><\/strong><strong><em><\/em><\/strong><\/p>\n\n\n\n<p>OPERACI\u00d3N:&nbsp;Proyecto de mejora e implantaci\u00f3n de herramientas y procesos de innovaci\u00f3n tecnol\u00f3gica para Duarte y Beltran a\u00f1o 2020\/21<\/p>\n\n\n\n<p>DESCRIPCI\u00d3N DE LA OPERACI\u00d3N:&nbsp;Adquisici\u00f3n e implantaci\u00f3n de software\u2022Adquisici\u00f3n de hardware\u2022Consultor\u00eda para el dise\u00f1o de hoja de ruta de digitalizaci\u00f3n de procesos. \u2022Consultor\u00eda de innovaci\u00f3n tecnol\u00f3gica en la gesti\u00f3n de procesos de almac\u00e9n, predicci\u00f3n de ventas, compras y log\u00edstica de materias primas<\/p>\n\n\n\n<p>OBJETIVO&nbsp;PRINCIPAL:&nbsp;<strong>OT20&nbsp;&#8211;&nbsp;\u201cFomento de la reparaci\u00f3n de la crisis en el contexto de la pandemia de COVID-19 y preparaci\u00f3n de una recuperaci\u00f3n verde, digital y resiliente de la econom\u00eda\u201d<\/strong><\/p>\n","protected":false},"excerpt":{"rendered":"<p>Financiaci\u00f3n FEDER REACT-UE 100% Proyecto&nbsp;financiado&nbsp;por&nbsp;el&nbsp;Fondo&nbsp;Europeo&nbsp;de&nbsp;DesarrolloRegional Programa&nbsp;Operativo&nbsp;FEDER&nbsp;de&nbsp;Cantabria&nbsp;2014-2020 \u2013 REACT-UE \u201cUna manera de hacer Europa\u201d \u201cFinanciado como parte de la respuesta de la Uni\u00f3n a la pandemia de COVID-19\u201d OPERACI\u00d3N:&nbsp;Proyecto de mejora e implantaci\u00f3n de herramientas y procesos de innovaci\u00f3n tecnol\u00f3gica para Duarte y Beltran a\u00f1o 2020\/21 DESCRIPCI\u00d3N DE LA OPERACI\u00d3N:&nbsp;Adquisici\u00f3n e implantaci\u00f3n de software\u2022Adquisici\u00f3n de hardware\u2022Consultor\u00eda&#8230;<\/p>\n","protected":false},"author":1,"featured_media":1796,"comment_status":"closed","ping_status":"closed","sticky":false,"template":"","format":"standard","meta":{"_monsterinsights_skip_tracking":false,"_monsterinsights_sitenote_active":false,"_monsterinsights_sitenote_note":"","_monsterinsights_sitenote_category":0,"_uf_show_specific_survey":0,"_uf_disable_surveys":false,"footnotes":""},"categories":[119],"tags":[],"class_list":["post-1795","post","type-post","status-publish","format-standard","has-post-thumbnail","hentry","category-noticias"],"aioseo_notices":[],"_links":{"self":[{"href":"https:\/\/www.inteacosmetics.com\/es\/wp-json\/wp\/v2\/posts\/1795","targetHints":{"allow":["GET"]}}],"collection":[{"href":"https:\/\/www.inteacosmetics.com\/es\/wp-json\/wp\/v2\/posts"}],"about":[{"href":"https:\/\/www.inteacosmetics.com\/es\/wp-json\/wp\/v2\/types\/post"}],"author":[{"embeddable":true,"href":"https:\/\/www.inteacosmetics.com\/es\/wp-json\/wp\/v2\/users\/1"}],"replies":[{"embeddable":true,"href":"https:\/\/www.inteacosmetics.com\/es\/wp-json\/wp\/v2\/comments?post=1795"}],"version-history":[{"count":1,"href":"https:\/\/www.inteacosmetics.com\/es\/wp-json\/wp\/v2\/posts\/1795\/revisions"}],"predecessor-version":[{"id":1797,"href":"https:\/\/www.inteacosmetics.com\/es\/wp-json\/wp\/v2\/posts\/1795\/revisions\/1797"}],"wp:featuredmedia":[{"embeddable":true,"href":"https:\/\/www.inteacosmetics.com\/es\/wp-json\/wp\/v2\/media\/1796"}],"wp:attachment":[{"href":"https:\/\/www.inteacosmetics.com\/es\/wp-json\/wp\/v2\/media?parent=1795"}],"wp:term":[{"taxonomy":"category","embeddable":true,"href":"https:\/\/www.inteacosmetics.com\/es\/wp-json\/wp\/v2\/categories?post=1795"},{"taxonomy":"post_tag","embeddable":true,"href":"https:\/\/www.inteacosmetics.com\/es\/wp-json\/wp\/v2\/tags?post=1795"}],"curies":[{"name":"wp","href":"https:\/\/api.w.org\/{rel}","templated":true}]}}